{"id":447,"date":"2024-01-04T10:16:47","date_gmt":"2024-01-04T10:16:47","guid":{"rendered":"http:\/\/wp.imkerverein-aurich.de\/?p=447"},"modified":"2024-01-04T10:20:41","modified_gmt":"2024-01-04T10:20:41","slug":"neuimkerschulung-2024-inkl-honigschulung-und-praxis","status":"publish","type":"post","link":"https:\/\/www.imkerverein-aurich.de\/?p=447","title":{"rendered":"Neuimkerschulung 2024 (inkl. Honigschulung und Praxis)"},"content":{"rendered":"\n<pre class=\"wp-block-verse\">Im Jahr 2024 f\u00fchrt der Imkerverein Aurich von 1886 e.V. wieder einen Imker-Grundkurs verbunden mit dem Honiglehrgang nach Richtlinien des Deutschen Imkerbundes e. V. durch.\n\nWie in den vergangenen Jahren wird der theoretische Teil dieses Grundkurses in der Kreisvolkshochschule Aurich an den folgenden Terminen von jeweils 19:15 Uhr bis ca. 21:15 Uhr abgehalten:\n- 08.02.2024\n- 15.02.2024\n- 22.02.2024\n- 29.02.2024\n- 07.03.2024\n- 14.03.2024\n\nAnmeldung erfolgt \u00fcber die KVHS. Ein Link zur Anmeldung folgt.\n\nZus\u00e4tzlich zu den Kursgeb\u00fchren werden ca. 10,00 \u20ac Materialkosten im Kurs eingesammelt.\n\nEs ist das Hygienekonzept der KVHS zu beachten.\n\nZiel des Kurses ist es, den zuk\u00fcnftigen Hobbyimker soweit zu schulen, dass er\/sie alle anfallenden Arbeiten am Bienenvolk weitestgehend selbst erledigen kann. Am ersten Abend erhalten Sie ausf\u00fchrliche Informationen \u00fcber die \u00f6kologische Bedeutung der Bienenhaltung und \u00fcber die Anforderungen der Bienenhaltung.\n\nKursinhalte sind:\n- Biologie der Honigbiene\n- Bienenwohnung und Bienenweide\n- F\u00fchrung und Betreuung der Bienen im Jahresverlauf\n- Trachtpflanzen\n- Honiggewinnung und -bearbeitung\n- Bienenkrankheiten\n- Arbeiten mit den Bienenv\u00f6lkern\n\nHonigschulung: 17.02. + 02.03.\n\nPraxistage: 13.04. Fr\u00fchjahrsdurchsicht \/ 27.04. Ablegerbildung \/ 18.05. Winterbehandlung \/ zus\u00e4tzlicher Samstag f\u00fcr BSV.\n\nR\u00fcckfragen k\u00f6nnen per Mail an den Schulungsobmann Enno K\u00f6hn unter schulung@imkerverein-aurich.de gerichtet werden.<\/pre>\n","protected":false},"excerpt":{"rendered":"<p>Im Jahr 2024 f\u00fchrt der Imkerverein Aurich von 1886 e.V. wieder einen Imker-Grundkurs verbunden mit dem Honiglehrgang nach Richtlinien des [&hellip;]<\/p>\n","protected":false},"author":1,"featured_media":0,"comment_status":"closed","ping_status":"closed","sticky":false,"template":"","format":"standard","meta":{"site-sidebar-layout":"default","site-content-layout":"","ast-site-content-layout":"default","site-content-style":"default","site-sidebar-style":"default","ast-global-header-display":"","ast-banner-title-visibility":"","ast-main-header-display":"","ast-hfb-above-header-display":"","ast-hfb-below-header-display":"","ast-hfb-mobile-header-display":"","site-post-title":"","ast-breadcrumbs-content":"","ast-featured-img":"","footer-sml-layout":"","theme-transparent-header-meta":"","adv-header-id-meta":"","stick-header-meta":"","header-above-stick-meta":"","header-main-stick-meta":"","header-below-stick-meta":"","astra-migrate-meta-layouts":"default","ast-page-background-enabled":"default","ast-page-background-meta":{"desktop":{"background-color":"var(--ast-global-color-5)","background-image":"","background-repeat":"repeat","background-position":"center center","background-size":"auto","background-attachment":"scroll","background-type":"","background-media":"","overlay-type":"","overlay-color":"","overlay-opacity":"","overlay-gradient":""},"tablet":{"background-color":"","background-image":"","background-repeat":"repeat","background-position":"center center","background-size":"auto","background-attachment":"scroll","background-type":"","background-media":"","overlay-type":"","overlay-color":"","overlay-opacity":"","overlay-gradient":""},"mobile":{"background-color":"","background-image":"","background-repeat":"repeat","background-position":"center center","background-size":"auto","background-attachment":"scroll","background-type":"","background-media":"","overlay-type":"","overlay-color":"","overlay-opacity":"","overlay-gradient":""}},"ast-content-background-meta":{"desktop":{"background-color":"var(--ast-global-color-4)","background-image":"","background-repeat":"repeat","background-position":"center center","background-size":"auto","background-attachment":"scroll","background-type":"","background-media":"","overlay-type":"","overlay-color":"","overlay-opacity":"","overlay-gradient":""},"tablet":{"background-color":"var(--ast-global-color-4)","background-image":"","background-repeat":"repeat","background-position":"center center","background-size":"auto","background-attachment":"scroll","background-type":"","background-media":"","overlay-type":"","overlay-color":"","overlay-opacity":"","overlay-gradient":""},"mobile":{"background-color":"var(--ast-global-color-4)","background-image":"","background-repeat":"repeat","background-position":"center center","background-size":"auto","background-attachment":"scroll","background-type":"","background-media":"","overlay-type":"","overlay-color":"","overlay-opacity":"","overlay-gradient":""}},"footnotes":""},"categories":[3],"tags":[],"class_list":["post-447","post","type-post","status-publish","format-standard","hentry","category-termine"],"_links":{"self":[{"href":"https:\/\/www.imkerverein-aurich.de\/index.php?rest_route=\/wp\/v2\/posts\/447","targetHints":{"allow":["GET"]}}],"collection":[{"href":"https:\/\/www.imkerverein-aurich.de\/index.php?rest_route=\/wp\/v2\/posts"}],"about":[{"href":"https:\/\/www.imkerverein-aurich.de\/index.php?rest_route=\/wp\/v2\/types\/post"}],"author":[{"embeddable":true,"href":"https:\/\/www.imkerverein-aurich.de\/index.php?rest_route=\/wp\/v2\/users\/1"}],"replies":[{"embeddable":true,"href":"https:\/\/www.imkerverein-aurich.de\/index.php?rest_route=%2Fwp%2Fv2%2Fcomments&post=447"}],"version-history":[{"count":1,"href":"https:\/\/www.imkerverein-aurich.de\/index.php?rest_route=\/wp\/v2\/posts\/447\/revisions"}],"predecessor-version":[{"id":448,"href":"https:\/\/www.imkerverein-aurich.de\/index.php?rest_route=\/wp\/v2\/posts\/447\/revisions\/448"}],"wp:attachment":[{"href":"https:\/\/www.imkerverein-aurich.de\/index.php?rest_route=%2Fwp%2Fv2%2Fmedia&parent=447"}],"wp:term":[{"taxonomy":"category","embeddable":true,"href":"https:\/\/www.imkerverein-aurich.de\/index.php?rest_route=%2Fwp%2Fv2%2Fcategories&post=447"},{"taxonomy":"post_tag","embeddable":true,"href":"https:\/\/www.imkerverein-aurich.de\/index.php?rest_route=%2Fwp%2Fv2%2Ftags&post=447"}],"curies":[{"name":"wp","href":"https:\/\/api.w.org\/{rel}","templated":true}]}}